{"id":1101,"date":"2023-02-16T02:30:22","date_gmt":"2023-02-16T02:30:22","guid":{"rendered":"https:\/\/politecnicocundinamarca.edu.co\/?p=1101"},"modified":"2023-02-18T02:37:49","modified_gmt":"2023-02-18T02:37:49","slug":"hay-deficit-de-interpretes-para-estudiantes-sordos-en-colegios-publicos-en-bogota","status":"publish","type":"post","link":"https:\/\/politecnicocundinamarca.edu.co\/en\/hay-deficit-de-interpretes-para-estudiantes-sordos-en-colegios-publicos-en-bogota\/","title":{"rendered":"Hay d\u00e9ficit de int\u00e9rpretes para estudiantes sordos en colegios p\u00fablicos en Bogot\u00e1"},"content":{"rendered":"<p><img fetchpriority=\"high\" decoding=\"async\" height=\"3240\" width=\"5760\" srcset=\"https:\/\/www.infobae.com\/new-resizer\/n_rU5fraFS4mEtTX579VZJ9f6SA=\/420x236\/filters:format(webp):quality(85)\/cloudfront-us-east-1.images.arcpublishing.com\/infobae\/F4AOCOD7HZC35JQHE3JTJVX4N4.jpg 420w,https:\/\/www.infobae.com\/new-resizer\/XGtXdO8Nb76Gtej3FHIRZEHply0=\/768x432\/filters:format(webp):quality(85)\/cloudfront-us-east-1.images.arcpublishing.com\/infobae\/F4AOCOD7HZC35JQHE3JTJVX4N4.jpg 768w,https:\/\/www.infobae.com\/new-resizer\/TbkOjBcwwPR-MYXE7g7Uu_cIDXM=\/992x558\/filters:format(webp):quality(85)\/cloudfront-us-east-1.images.arcpublishing.com\/infobae\/F4AOCOD7HZC35JQHE3JTJVX4N4.jpg 992w,https:\/\/www.infobae.com\/new-resizer\/BoxvuzCZz7xBqNLCorn7jAQQ9KE=\/1200x675\/filters:format(webp):quality(85)\/cloudfront-us-east-1.images.arcpublishing.com\/infobae\/F4AOCOD7HZC35JQHE3JTJVX4N4.jpg 1200w,https:\/\/www.infobae.com\/new-resizer\/rc_oOMuPiYID_fOxSTCNKgvtuBE=\/1440x810\/filters:format(webp):quality(85)\/cloudfront-us-east-1.images.arcpublishing.com\/infobae\/F4AOCOD7HZC35JQHE3JTJVX4N4.jpg 1440w\" class=\"\" src=\"https:\/\/cloudfront-us-east-1.images.arcpublishing.com\/infobae\/F4AOCOD7HZC35JQHE3JTJVX4N4.jpg\" alt=\"La directora de inclusi\u00f3n de la Secretar\u00eda de Educaci\u00f3n, Virginia Torres asegur\u00f3 que s\u00ed existe una problem\u00e1tica con la cantidad de int\u00e9rpretes con los que cuenta el Distrito para atender las necesidades de los estudiantes sordos en Bogot\u00e1 pues, seg\u00fan Torres la demanda es alta, pero la oferta es poca. Cr\u00e9dito: Shutterstock\">La directora de inclusi\u00f3n de la Secretar\u00eda de Educaci\u00f3n, Virginia Torres asegur\u00f3 que s\u00ed existe una problem\u00e1tica con la cantidad de int\u00e9rpretes con los que cuenta el Distrito para atender las necesidades de los estudiantes sordos en Bogot\u00e1 pues, seg\u00fan Torres la demanda es alta, pero la oferta es poca. Cr\u00e9dito: Shutterstock.<\/p>\n\n\n\n<p>La educaci\u00f3n en Colombia es un derecho fundamental al que puede acceder cualquier ni\u00f1o, ni\u00f1a, adolescente o persona mayor, pero algunas personas necesitan la ayuda de profesionales que los acompa\u00f1en en el proceso de aprendizaje. Es el caso de los<strong>\u00a0estudiantes sordos<\/strong>, quienes requieren de la ayuda de int\u00e9rpretes para entender lo que el docente en el aula est\u00e1 explicando.<a rel=\"noreferrer noopener\" href=\"https:\/\/www.infobae.com\/colombia\/2023\/02\/16\/adulto-mayor-estas-son-las-ofertas-para-acceder-a-educacion-en-bogota\/\" target=\"_blank\"><\/a><\/p>\n\n\n\n<p>Por eso, y aunque el Estado debe garantizar y proveer int\u00e9rpretes para esta poblaci\u00f3n de estudiantes, el 16 de febrero de 2023 se conoci\u00f3 la denuncia de algunos padres de familia que aseguraron que hay un d\u00e9ficit de int\u00e9rpretes para los estudiantes sordos en colegios p\u00fablicos en Bogot\u00e1.<\/p>\n\n\n\n<p>La denuncia la dio a conocer&nbsp;<em>Noticias RCN<\/em>, que a trav\u00e9s de dos madres de Colegio Distrital San Carlos I.E.D. Sede B, dieron cuenta de que la falta de int\u00e9rpretes es una constante a\u00f1o a a\u00f1o, por lo que el proceso de aprendizaje de sus hijos se ha visto perjudicado.<\/p>\n\n\n\n<p><strong>Beatriz Pinillos<\/strong>, una de las madres entrevistadas, le solicit\u00f3 a la&nbsp;<strong>Secretar\u00eda de Educaci\u00f3n<\/strong>&nbsp;y a la alcaldesa de Bogot\u00e1,&nbsp;<strong>Claudia L\u00f3pez<\/strong>&nbsp;una pronta soluci\u00f3n a la falta de int\u00e9rpretes, docentes de apoyo y mediadoras en el colegio.<a href=\"https:\/\/www.infobae.com\/colombia\/2023\/02\/16\/trabajador-de-transmilenio-fue-senalado-de-acoso-sexual-a-una-contratista\/\" rel=\"noreferrer noopener\" target=\"_blank\"><\/a><\/p>\n\n\n\n<p>\u201cLa verdad es un llamado a la Secretar\u00eda de Educaci\u00f3n y a la alcaldesa Claudia L\u00f3pez a que nos solucione esta situaci\u00f3n. Todos los a\u00f1os es lo mismo, falta de int\u00e9rpretes, mediadores, docentes de apoyo, es una situaci\u00f3n que se nos est\u00e1 saliendo de las manos. En este momento, los chicos de d\u00e9cimo y once no cuentan con interpretaci\u00f3n completa entonces esto es muy preocupante para nosotros los padres de familia\u201d, asegur\u00f3 Pinillos.<\/p>\n\n\n\n<p>Sobre el proceso escolar,&nbsp;<strong>Fadid Robles<\/strong>, otra madre, asegur\u00f3 que los estudiantes de grados d\u00e9cimo y once se est\u00e1n preparando para presentar las pruebas&nbsp;<strong>Saber 11<\/strong>, pero sus hijos se han visto afectada por la ausencia de int\u00e9rpretes que les ayuden a entender los temas explicados por los docentes de la instituci\u00f3n educativa.<a href=\"https:\/\/www.infobae.com\/colombia\/2023\/02\/15\/alcaldia-de-bogota-y-amazon-anuncian-programas-de-formacion-digital\/\" rel=\"noreferrer noopener\" target=\"_blank\"><\/a><\/p>\n\n\n\n<p>\u201cEsta semana me mandaron dos razones del colegio que iban a hacer lo de las pruebas ICFES para irlos preparando, pero \u00e9l me dice que c\u00f3mo lo va a hacer si no hay Int\u00e9rpretes. Entonces, estamos con el apoyo de nuestros compa\u00f1eros, porque necesitamos que se valore que hayan int\u00e9rpretes y que nuestros ni\u00f1os tengan derecho a su educaci\u00f3n como es debido\u201d.<\/p>\n\n\n\n<p>Sobre las denuncias, la directora de inclusi\u00f3n de la Secretar\u00eda de Educaci\u00f3n,&nbsp;<strong>Virginia Torres,<\/strong>&nbsp;asegur\u00f3 que s\u00ed existe una problem\u00e1tica con la cantidad de int\u00e9rpretes con los que cuenta el distrito para atender las necesidades de los estudiantes sordos en Bogot\u00e1 pues, seg\u00fan Torres, la demanda es alta, pero la oferta es poca.<\/p>\n\n\n\n<p>Torres tambi\u00e9n asegur\u00f3 que, aunque el proceso de selecci\u00f3n se est\u00e1 llevando a cabo, muchos de los aspirantes al cargo no cumplen los requisitos que exige la entidad por lo que deben comenzar otro proceso con otros candidatos, por lo que se generan&nbsp;<strong>retrasos<\/strong>&nbsp;en la contrataci\u00f3n.<\/p>\n\n\n\n<p>\u201cTenemos una problem\u00e1tica con los int\u00e9rpretes en raz\u00f3n a que la demanda es demasiado alta y la oferta es muy poca, las personas que hoy hacen llegar sus hojas de vida se someten a un proceso de selecci\u00f3n e infortunadamente no cumplen los requisitos que se les est\u00e1 exigiendo para que, efectivamente, puedan hacer un acompa\u00f1amiento id\u00f3neo y efectivo a nuestros estudiantes\u201d, asegur\u00f3 la funcionaria.<\/p>\n\n\n\n<p>Seg\u00fan la Ley 982 de 2005, el Estado colombiano, a trav\u00e9s de las entidades oficiales, como en este caso la Secretar\u00eda de Educaci\u00f3n, debe&nbsp;<strong>garantizar y proveer<\/strong>&nbsp;de int\u00e9rpretes a personas sordas y sordociegas para que puedan acceder a, entre otros, la educaci\u00f3n en el pa\u00eds.<\/p>\n\n\n\n<p>\u201cEl Estado garantizar\u00e1 y proveer\u00e1 la ayuda de int\u00e9rpretes y gu\u00edas int\u00e9rprete id\u00f3neos para que sea este un medio a trav\u00e9s del cual las personas sordas y sordociegas puedan acceder a todos los servicios que como ciudadanos colombianos les confiere la Constituci\u00f3n. Para ello el Estado organizar\u00e1 a trav\u00e9s de entidades oficiales y a trav\u00e9s de convenios con asociaciones de int\u00e9rpretes y asociaciones de sordos la presencia de int\u00e9rpretes y gu\u00edas int\u00e9rpretes\u201d, dicta la Ley 982 de 2005.<\/p>","protected":false},"excerpt":{"rendered":"<p>La directora de inclusi\u00f3n de la Secretar\u00eda de Educaci\u00f3n, Virginia Torres asegur\u00f3 que s\u00ed existe una problem\u00e1tica con la cantidad de int\u00e9rpretes con los que cuenta el Distrito para atender [&hellip;]<\/p>","protected":false},"author":1,"featured_media":1104,"comment_status":"open","ping_status":"open","sticky":false,"template":"","format":"standard","meta":{"footnotes":""},"categories":[1,68],"tags":[24,25,26,28,27],"class_list":["post-1101","post","type-post","status-publish","format-standard","has-post-thumbnail","hentry","category-blog","category-noticias","tag-blog","tag-course","tag-lesson","tag-quiz","tag-topic"],"_links":{"self":[{"href":"https:\/\/politecnicocundinamarca.edu.co\/en\/wp-json\/wp\/v2\/posts\/1101","targetHints":{"allow":["GET"]}}],"collection":[{"href":"https:\/\/politecnicocundinamarca.edu.co\/en\/wp-json\/wp\/v2\/posts"}],"about":[{"href":"https:\/\/politecnicocundinamarca.edu.co\/en\/wp-json\/wp\/v2\/types\/post"}],"author":[{"embeddable":true,"href":"https:\/\/politecnicocundinamarca.edu.co\/en\/wp-json\/wp\/v2\/users\/1"}],"replies":[{"embeddable":true,"href":"https:\/\/politecnicocundinamarca.edu.co\/en\/wp-json\/wp\/v2\/comments?post=1101"}],"version-history":[{"count":0,"href":"https:\/\/politecnicocundinamarca.edu.co\/en\/wp-json\/wp\/v2\/posts\/1101\/revisions"}],"wp:featuredmedia":[{"embeddable":true,"href":"https:\/\/politecnicocundinamarca.edu.co\/en\/wp-json\/wp\/v2\/media\/1104"}],"wp:attachment":[{"href":"https:\/\/politecnicocundinamarca.edu.co\/en\/wp-json\/wp\/v2\/media?parent=1101"}],"wp:term":[{"taxonomy":"category","embeddable":true,"href":"https:\/\/politecnicocundinamarca.edu.co\/en\/wp-json\/wp\/v2\/categories?post=1101"},{"taxonomy":"post_tag","embeddable":true,"href":"https:\/\/politecnicocundinamarca.edu.co\/en\/wp-json\/wp\/v2\/tags?post=1101"}],"curies":[{"name":"wp","href":"https:\/\/api.w.org\/{rel}","templated":true}]}}