{"id":391,"date":"2023-02-16T16:00:06","date_gmt":"2023-02-16T16:00:06","guid":{"rendered":"https:\/\/politecnicocundinamarca.edu.co\/mobile-changed-our-life-for-better-or-for-worse\/"},"modified":"2023-02-18T02:29:44","modified_gmt":"2023-02-18T02:29:44","slug":"convenio-entre-la-unad-y-colombia-nos-une-permitira-que-connacionales-en-el-exterior-accedan-a-descuentos-de-educacion","status":"publish","type":"post","link":"https:\/\/politecnicocundinamarca.edu.co\/en\/convenio-entre-la-unad-y-colombia-nos-une-permitira-que-connacionales-en-el-exterior-accedan-a-descuentos-de-educacion\/","title":{"rendered":"Convenio entre la UNAD y Colombia Nos Une permitir\u00e1 que connacionales en el exterior accedan a descuentos de educaci\u00f3n"},"content":{"rendered":"<p><em>Entre la UNAD y el Ministerio de Relaciones Exteriores se llev\u00f3 a cabo la firma protocolaria del convenio que le permitir\u00e1 a connacionales residentes en el exterior, formarse en la instituci\u00f3n accediendo a descuentos por pago de matr\u00edcula.<\/em><\/p>\n\n\n\n<figure class=\"wp-block-image is-resized\"><img decoding=\"async\" src=\"https:\/\/noticias.unad.edu.co\/images\/01FirmaConvenioUNAD.jpg\" alt=\"01FirmaConvenioUNAD\" width=\"300\"\/><\/figure>\n\n\n\n<figure class=\"wp-block-image is-resized\"><img fetchpriority=\"high\" decoding=\"async\" src=\"https:\/\/noticias.unad.edu.co\/images\/04FIRMACONVENIO_UNAD.jpg\" alt=\"04FIRMACONVENIO UNAD\" width=\"300\" height=\"362\"\/><\/figure>\n\n\n\n<p>Se trata del programa impulsado por la canciller\u00eda denominado Colombia Nos Une y que invita a connacionales residentes en el exterior a formarse y a continuar con sus procesos formativos en universidades colombianas.<\/p>\n\n\n\n<p>Leonardo S\u00e1nchez Torres, vicerrector de relaciones Intersist\u00e9micas e Internacionales de la UNAD, indic\u00f3 que esta alianza permitir\u00e1 que connacionales que se encuentran fuera del territorio nacional accedan a estas ayudas del gobierno nacional para que ingresen a los diferentes programas de formaci\u00f3n que tiene la UNAD en sus diferentes seccionales.<\/p>\n\n\n\n<p>De esta manera, la UNAD, al desarrollar un modelo de educaci\u00f3n virtual y a distancia, se convierte en &nbsp;actor estrat\u00e9gico para que colombianos en el exterior accedan a su proceso de formaci\u00f3n desde cualquier parte del mundo, a su propio ritmo y obteniendo un 15% de descuento en el pago de matr\u00edcula en cualquiera de los programas acad\u00e9micos que se ofertan en la instituci\u00f3n.<\/p>\n\n\n\n<p>\u201cCon este convenio buscamos que nuestros connacionales puedan continuar sus estudios, mejoren su empleabilidad y cuenten con una mejor movilidad social que les permita acceder a un mejor puesto de trabajo, unos mejores ingresos y una mejor estabilidad\u201d, se\u00f1al\u00f3 Yolanda Villavicencio, coordinadora del grupo interno de trabajo de Colombia Nos Une.<\/p>\n\n\n\n<p>De acuerdo con la funcionaria, este convenio entre la UNAD y Colombia Nos Une, se configura como una oportunidad para que aquellos connacionales que cuentan con educaci\u00f3n media o un pregrado puedan continuar y culminar con sus estudios.<\/p>\n\n\n\n<p>Para m\u00e1s informaci\u00f3n sobre el convenio firmado entre la UNAD y el Ministerio de Relaciones Exteriores, ingresa&nbsp;<a href=\"https:\/\/estudios.unad.edu.co\/descuentos-por-convenios-institucionales\/ministerio-de-relaciones-exteriores-colombia-nos-une\">aqu\u00ed<\/a>&nbsp;o escribe un correo electr\u00f3nico a&nbsp;<a href=\"mailto:gestion.internacionalizacion@unad.edu.co\">gestion.internacionalizacion@unad.edu.co<\/a>&nbsp;<\/p>\n\n\n\n<figure class=\"wp-block-image is-resized\"><img decoding=\"async\" src=\"https:\/\/noticias.unad.edu.co\/images\/firma_convenio_colombia_nos_une_UNAD.jpg\" alt=\"firma convenio colombia nos une UNAD\" width=\"500\"\/><\/figure>","protected":false},"excerpt":{"rendered":"<p>Entre la UNAD y el Ministerio de Relaciones Exteriores se llev\u00f3 a cabo la firma protocolaria del convenio que le permitir\u00e1 a connacionales residentes en el exterior, formarse en la [&hellip;]<\/p>","protected":false},"author":1,"featured_media":1099,"comment_status":"open","ping_status":"open","sticky":false,"template":"","format":"standard","meta":{"footnotes":""},"categories":[1,68],"tags":[24,25,26,28,27],"class_list":["post-391","post","type-post","status-publish","format-standard","has-post-thumbnail","hentry","category-blog","category-noticias","tag-blog","tag-course","tag-lesson","tag-quiz","tag-topic"],"_links":{"self":[{"href":"https:\/\/politecnicocundinamarca.edu.co\/en\/wp-json\/wp\/v2\/posts\/391","targetHints":{"allow":["GET"]}}],"collection":[{"href":"https:\/\/politecnicocundinamarca.edu.co\/en\/wp-json\/wp\/v2\/posts"}],"about":[{"href":"https:\/\/politecnicocundinamarca.edu.co\/en\/wp-json\/wp\/v2\/types\/post"}],"author":[{"embeddable":true,"href":"https:\/\/politecnicocundinamarca.edu.co\/en\/wp-json\/wp\/v2\/users\/1"}],"replies":[{"embeddable":true,"href":"https:\/\/politecnicocundinamarca.edu.co\/en\/wp-json\/wp\/v2\/comments?post=391"}],"version-history":[{"count":0,"href":"https:\/\/politecnicocundinamarca.edu.co\/en\/wp-json\/wp\/v2\/posts\/391\/revisions"}],"wp:featuredmedia":[{"embeddable":true,"href":"https:\/\/politecnicocundinamarca.edu.co\/en\/wp-json\/wp\/v2\/media\/1099"}],"wp:attachment":[{"href":"https:\/\/politecnicocundinamarca.edu.co\/en\/wp-json\/wp\/v2\/media?parent=391"}],"wp:term":[{"taxonomy":"category","embeddable":true,"href":"https:\/\/politecnicocundinamarca.edu.co\/en\/wp-json\/wp\/v2\/categories?post=391"},{"taxonomy":"post_tag","embeddable":true,"href":"https:\/\/politecnicocundinamarca.edu.co\/en\/wp-json\/wp\/v2\/tags?post=391"}],"curies":[{"name":"wp","href":"https:\/\/api.w.org\/{rel}","templated":true}]}}